{"id":742,"date":"2024-04-07T11:25:05","date_gmt":"2024-04-07T09:25:05","guid":{"rendered":"https:\/\/webalumnos.iestetuan.es\/?p=742"},"modified":"2024-06-17T09:15:45","modified_gmt":"2024-06-17T07:15:45","slug":"visita-al-barrio-de-las-letras","status":"publish","type":"post","link":"https:\/\/webalumnos.iestetuan.es\/?p=742","title":{"rendered":"Visita al Barrio de las Letras"},"content":{"rendered":"\t\t<div data-elementor-type=\"wp-post\" data-elementor-id=\"742\" class=\"elementor elementor-742\">\n\t\t\t\t<div class=\"has_eae_slider elementor-element elementor-element-650d8d2 e-flex e-con-boxed e-con e-parent\" data-eae-slider=\"9072\" data-id=\"650d8d2\" data-element_type=\"container\">\n\t\t\t\t\t<div class=\"e-con-inner\">\n\t\t\t\t<div class=\"elementor-element elementor-element-1602370 elementor-widget elementor-widget-text-editor\" data-id=\"1602370\" data-element_type=\"widget\" data-widget_type=\"text-editor.default\">\n\t\t\t\t<div class=\"elementor-widget-container\">\n\t\t\t\t\t\t\t\t\t<p>El pasado mi\u00e9rcoles 7 de febrero, el grupo de alumnos del IES Tetu\u00e1n de las Victorias de 1\u00ba y 2\u00ba de GIAT se desplazaron al Madrid de Las Letras para realizar una visita guiada al barrio que fue hogar de muchos de los escritores m\u00e1s ilustres de los siglos XVI y XVII.<\/p><p><img fetchpriority=\"high\" decoding=\"async\" class=\"size-medium wp-image-744 alignright\" src=\"https:\/\/webalumnos.iestetuan.es\/wp-content\/uploads\/2024\/04\/WINWORD_mZQcccz3lP-225x300.png\" alt=\"\" width=\"225\" height=\"300\" srcset=\"https:\/\/webalumnos.iestetuan.es\/wp-content\/uploads\/2024\/04\/WINWORD_mZQcccz3lP-225x300.png 225w, https:\/\/webalumnos.iestetuan.es\/wp-content\/uploads\/2024\/04\/WINWORD_mZQcccz3lP.png 269w\" sizes=\"(max-width: 225px) 100vw, 225px\" \/><\/p><p>El recorrido se inici\u00f3 en la Plaza de las Cortes, en la estatua a Miguel de Cervantes, donde adem\u00e1s de conocer la historia del autor m\u00e1s universal pudieron participar en un peque\u00f1o juego con una c\u00e1psula del tiempo.<\/p><p>o el grupo continu\u00f3 visitando de forma breve el Ateneo de Madrid y la Casa Museo Lope de Vega, donde adem\u00e1s pudieron entrar y ver en directo una recreaci\u00f3n de lo que alg\u00fan d\u00eda fue la casa de Lope.<\/p><p>Otro momento muy interesante de la ruta fue la calle de Quevedo, donde se record\u00f3 la rivalidad que existi\u00f3 entre los autores G\u00f3ngora y Quevedo.<\/p>\t\t\t\t\t\t\t\t<\/div>\n\t\t\t\t<\/div>\n\t\t\t\t\t<\/div>\n\t\t\t\t<\/div>\n\t\t<div class=\"has_eae_slider elementor-element elementor-element-b114cb1 e-flex e-con-boxed e-con e-parent\" data-eae-slider=\"70025\" data-id=\"b114cb1\" data-element_type=\"container\">\n\t\t\t\t\t<div class=\"e-con-inner\">\n\t\t\t\t<div class=\"elementor-element elementor-element-2c61c5a elementor-widget elementor-widget-text-editor\" data-id=\"2c61c5a\" data-element_type=\"widget\" data-widget_type=\"text-editor.default\">\n\t\t\t\t<div class=\"elementor-widget-container\">\n\t\t\t\t\t\t\t\t\t<p>Continu\u00f3 la visita por la calle de las Huertas, donde se rindi\u00f3 homenaje tambi\u00e9n a las autoras, que, aunque m\u00e1s invisibilizadas en el pasado, tuvieron un lugar en la historia y dejaron una huella imborrable en el mundo novelero.<\/p><p>Otro de los puntos que se trataron fue los corrales de comedias; aqu\u00ed los alumnos pudieron aprender c\u00f3mo eran los teatros de la \u00e9poca, con elementos pr\u00e1cticos que hac\u00edan las representaciones mucho m\u00e1s realistas.<\/p><p><img decoding=\"async\" class=\"size-medium wp-image-745 alignleft\" src=\"https:\/\/webalumnos.iestetuan.es\/wp-content\/uploads\/2024\/04\/WINWORD_yUrwkGIWzD-223x300.png\" alt=\"\" width=\"223\" height=\"300\" srcset=\"https:\/\/webalumnos.iestetuan.es\/wp-content\/uploads\/2024\/04\/WINWORD_yUrwkGIWzD-223x300.png 223w, https:\/\/webalumnos.iestetuan.es\/wp-content\/uploads\/2024\/04\/WINWORD_yUrwkGIWzD.png 252w\" sizes=\"(max-width: 223px) 100vw, 223px\" \/><\/p><p>El recorrido finaliz\u00f3 en la Plaza de Santa Ana, con la visita a Calder\u00f3n de la Barca y Lorca. Durante el recorrido hubo una activa participaci\u00f3n del grupo. Los contenidos sirvieron para que todos conocieran un poco m\u00e1s de la historia de la ciudad y pudiesen incorporar ese valioso conocimiento a sus vidas.<\/p>\t\t\t\t\t\t\t\t<\/div>\n\t\t\t\t<\/div>\n\t\t\t\t\t<\/div>\n\t\t\t\t<\/div>\n\t\t\t\t<\/div>\n\t\t","protected":false},"excerpt":{"rendered":"<p>El pasado mi\u00e9rcoles 7 de febrero, el grupo de alumnos del IES Tetu\u00e1n de las Victorias de 1\u00ba y 2\u00ba de GIAT se desplazaron al Madrid de Las Letras para&hellip;&nbsp;<a href=\"https:\/\/webalumnos.iestetuan.es\/?p=742\" class=\"\" rel=\"bookmark\">Leer m\u00e1s &raquo;<span class=\"screen-reader-text\">Visita al Barrio de las Letras<\/span><\/a><\/p>\n","protected":false},"author":1,"featured_media":749,"comment_status":"closed","ping_status":"open","sticky":false,"template":"","format":"standard","meta":{"neve_meta_sidebar":"","neve_meta_container":"","neve_meta_enable_content_width":"","neve_meta_content_width":0,"neve_meta_title_alignment":"","neve_meta_author_avatar":"","neve_post_elements_order":"","neve_meta_disable_header":"","neve_meta_disable_footer":"","neve_meta_disable_title":"","footnotes":""},"categories":[15,4],"tags":[],"_links":{"self":[{"href":"https:\/\/webalumnos.iestetuan.es\/index.php?rest_route=\/wp\/v2\/posts\/742"}],"collection":[{"href":"https:\/\/webalumnos.iestetuan.es\/index.php?rest_route=\/wp\/v2\/posts"}],"about":[{"href":"https:\/\/webalumnos.iestetuan.es\/index.php?rest_route=\/wp\/v2\/types\/post"}],"author":[{"embeddable":true,"href":"https:\/\/webalumnos.iestetuan.es\/index.php?rest_route=\/wp\/v2\/users\/1"}],"replies":[{"embeddable":true,"href":"https:\/\/webalumnos.iestetuan.es\/index.php?rest_route=%2Fwp%2Fv2%2Fcomments&post=742"}],"version-history":[{"count":7,"href":"https:\/\/webalumnos.iestetuan.es\/index.php?rest_route=\/wp\/v2\/posts\/742\/revisions"}],"predecessor-version":[{"id":752,"href":"https:\/\/webalumnos.iestetuan.es\/index.php?rest_route=\/wp\/v2\/posts\/742\/revisions\/752"}],"wp:featuredmedia":[{"embeddable":true,"href":"https:\/\/webalumnos.iestetuan.es\/index.php?rest_route=\/wp\/v2\/media\/749"}],"wp:attachment":[{"href":"https:\/\/webalumnos.iestetuan.es\/index.php?rest_route=%2Fwp%2Fv2%2Fmedia&parent=742"}],"wp:term":[{"taxonomy":"category","embeddable":true,"href":"https:\/\/webalumnos.iestetuan.es\/index.php?rest_route=%2Fwp%2Fv2%2Fcategories&post=742"},{"taxonomy":"post_tag","embeddable":true,"href":"https:\/\/webalumnos.iestetuan.es\/index.php?rest_route=%2Fwp%2Fv2%2Ftags&post=742"}],"curies":[{"name":"wp","href":"https:\/\/api.w.org\/{rel}","templated":true}]}}