{"id":806,"date":"2024-05-17T08:40:25","date_gmt":"2024-05-17T06:40:25","guid":{"rendered":"https:\/\/webalumnos.iestetuan.es\/?p=806"},"modified":"2024-06-17T09:15:45","modified_gmt":"2024-06-17T07:15:45","slug":"podcast-4-los-alumnos-cuentan-rumbo-a-la-formacion-profesional-y-a-los-estudios-universitarios","status":"publish","type":"post","link":"https:\/\/webalumnos.iestetuan.es\/?p=806","title":{"rendered":"PODCAST #4 \u2013 \u00a1LOS ALUMNOS CUENTAN! \u2013 Rumbo a la Formaci\u00f3n Profesional y a los Estudios Universitarios"},"content":{"rendered":"\t\t<div data-elementor-type=\"wp-post\" data-elementor-id=\"806\" class=\"elementor elementor-806\">\n\t\t\t\t<div class=\"has_eae_slider elementor-element elementor-element-e4a3b5e e-flex e-con-boxed e-con e-parent\" data-eae-slider=\"22662\" data-id=\"e4a3b5e\" data-element_type=\"container\">\n\t\t\t\t\t<div class=\"e-con-inner\">\n\t\t\t\t<div class=\"elementor-element elementor-element-1e1384b elementor-widget elementor-widget-text-editor\" data-id=\"1e1384b\" data-element_type=\"widget\" data-widget_type=\"text-editor.default\">\n\t\t\t\t<div class=\"elementor-widget-container\">\n\t\t\t\t\t\t\t\t\t<p>Continuamos con nuestra interesante serie de Podcast sobre la vida personal, acad\u00e9mica y profesional en los Ciclos Formativos.<\/p><p>En esta ocasi\u00f3n, nos visitan alumnos de distintas ense\u00f1anzas de nuestro centro que por diferentes circunstancias decidieron cambiar su rumbo acad\u00e9mico y profesional y ahora se encuentran estudiando un ciclo formativo de grado superior con nosotros.<\/p><p>Entre otros asuntos, tambi\u00e9n comentan sus planes de ingreso a la universidad y explican c\u00f3mo es el acceso.<\/p><p>\u00a1Gracias por vuestro valioso aporte! &#8211; \u00a1Esperemos que sea \u00fatil y de vuestro agrado este podcast!<\/p><p><iframe style=\"border: 0; overflow: hidden;\" src=\"https:\/\/mediateca.educa.madrid.org\/audio\/oq6wfo34qzu6iahe\/fs\" width=\"420\" height=\"44\" frameborder=\"0\" scrolling=\"no\"><\/iframe><br \/><small><a href=\"https:\/\/mediateca.educa.madrid.org\/audio\/oq6wfo34qzu6iahe\">Episodio 4: CAMBIANDO EL RUMBO (Mediateca de EducaMadrid)<\/a><\/small><\/p><p>\u00a0<\/p>\t\t\t\t\t\t\t\t<\/div>\n\t\t\t\t<\/div>\n\t\t\t\t\t<\/div>\n\t\t\t\t<\/div>\n\t\t\t\t<\/div>\n\t\t","protected":false},"excerpt":{"rendered":"<p>Continuamos con nuestra interesante serie de Podcast sobre la vida personal, acad\u00e9mica y profesional en los Ciclos Formativos. En esta ocasi\u00f3n, nos visitan alumnos de distintas ense\u00f1anzas de nuestro centro&hellip;&nbsp;<a href=\"https:\/\/webalumnos.iestetuan.es\/?p=806\" class=\"\" rel=\"bookmark\">Leer m\u00e1s &raquo;<span class=\"screen-reader-text\">PODCAST #4 \u2013 \u00a1LOS ALUMNOS CUENTAN! \u2013 Rumbo a la Formaci\u00f3n Profesional y a los Estudios Universitarios<\/span><\/a><\/p>\n","protected":false},"author":1,"featured_media":716,"comment_status":"closed","ping_status":"open","sticky":false,"template":"","format":"standard","meta":{"neve_meta_sidebar":"","neve_meta_container":"","neve_meta_enable_content_width":"","neve_meta_content_width":0,"neve_meta_title_alignment":"","neve_meta_author_avatar":"","neve_post_elements_order":"","neve_meta_disable_header":"","neve_meta_disable_footer":"","neve_meta_disable_title":"","footnotes":""},"categories":[15,14,12],"tags":[],"_links":{"self":[{"href":"https:\/\/webalumnos.iestetuan.es\/index.php?rest_route=\/wp\/v2\/posts\/806"}],"collection":[{"href":"https:\/\/webalumnos.iestetuan.es\/index.php?rest_route=\/wp\/v2\/posts"}],"about":[{"href":"https:\/\/webalumnos.iestetuan.es\/index.php?rest_route=\/wp\/v2\/types\/post"}],"author":[{"embeddable":true,"href":"https:\/\/webalumnos.iestetuan.es\/index.php?rest_route=\/wp\/v2\/users\/1"}],"replies":[{"embeddable":true,"href":"https:\/\/webalumnos.iestetuan.es\/index.php?rest_route=%2Fwp%2Fv2%2Fcomments&post=806"}],"version-history":[{"count":4,"href":"https:\/\/webalumnos.iestetuan.es\/index.php?rest_route=\/wp\/v2\/posts\/806\/revisions"}],"predecessor-version":[{"id":810,"href":"https:\/\/webalumnos.iestetuan.es\/index.php?rest_route=\/wp\/v2\/posts\/806\/revisions\/810"}],"wp:featuredmedia":[{"embeddable":true,"href":"https:\/\/webalumnos.iestetuan.es\/index.php?rest_route=\/wp\/v2\/media\/716"}],"wp:attachment":[{"href":"https:\/\/webalumnos.iestetuan.es\/index.php?rest_route=%2Fwp%2Fv2%2Fmedia&parent=806"}],"wp:term":[{"taxonomy":"category","embeddable":true,"href":"https:\/\/webalumnos.iestetuan.es\/index.php?rest_route=%2Fwp%2Fv2%2Fcategories&post=806"},{"taxonomy":"post_tag","embeddable":true,"href":"https:\/\/webalumnos.iestetuan.es\/index.php?rest_route=%2Fwp%2Fv2%2Ftags&post=806"}],"curies":[{"name":"wp","href":"https:\/\/api.w.org\/{rel}","templated":true}]}}