{"id":847,"date":"2024-05-17T09:46:17","date_gmt":"2024-05-17T07:46:17","guid":{"rendered":"https:\/\/webalumnos.iestetuan.es\/?p=847"},"modified":"2024-06-17T09:15:45","modified_gmt":"2024-06-17T07:15:45","slug":"primera-feria-de-turismo-del-ies-tetuan-un-viaje-de-colores-sabores-y-culturas-unicas","status":"publish","type":"post","link":"https:\/\/webalumnos.iestetuan.es\/?p=847","title":{"rendered":"Primera Feria de Turismo del IES Tetu\u00e1n &#8211; Un viaje de colores, sabores y culturas \u00fanicas."},"content":{"rendered":"\t\t<div data-elementor-type=\"wp-post\" data-elementor-id=\"847\" class=\"elementor elementor-847\">\n\t\t\t\t<div class=\"has_eae_slider elementor-element elementor-element-911a08e e-flex e-con-boxed e-con e-parent\" data-eae-slider=\"21345\" data-id=\"911a08e\" data-element_type=\"container\">\n\t\t\t\t\t<div class=\"e-con-inner\">\n\t\t\t\t<div class=\"elementor-element elementor-element-26cff6e elementor-widget elementor-widget-text-editor\" data-id=\"26cff6e\" data-element_type=\"widget\" data-widget_type=\"text-editor.default\">\n\t\t\t\t<div class=\"elementor-widget-container\">\n\t\t\t\t\t\t\t\t\t<p>El correo que nos anunci\u00f3 la maravilla fue el siguiente:<\/p><p>&#8212;&#8212;&#8212;&#8212;&#8212;&#8212;&#8212;&#8212;&#8212;&#8212;&#8212;&#8212;-<\/p><p dir=\"ltr\"><em><b>El Comit\u00e9 Organizador de Eventos\u00a0 del curso 1\u00ba de GIAT y AVG<\/b><\/em><\/p><p dir=\"ltr\"><em>Se complace en invitarle a la I Feria de Turismo del IES Tetu\u00e1n de las Victorias\u00a0<b><span style=\"color: #9900ff;\">\u201cUn viaje de colores<\/span>,\u00a0<span style=\"color: #00ff00;\">sabores\u00a0<\/span><\/b><span style=\"color: #0000ff;\"><b>y culturas \u00fanicas\u201d<\/b>\u00a0<\/span>que tendr\u00e1 lugar el pr\u00f3ximo 9 de mayo a partir de las 8.50 de la ma\u00f1ana en el aula Ada Byron.<\/em><\/p><p dir=\"ltr\">&#8212;&#8212;&#8212;&#8212;&#8212;&#8212;&#8212;&#8212;&#8212;&#8212;&#8212;&#8212;&#8211;<\/p><p dir=\"ltr\">Los departamentos de los Ciclos formativos de Gu\u00eda, Informaci\u00f3n y Asistencia Tur\u00edstica y Agencia de Viajes y Gesti\u00f3n de Eventos de nuestro Centro nos invitaban de esta forma a una aut\u00e9ntica fiesta sensitiva y emocional &#8211;<strong> LA 1\u00aa FERIA DE TURISMO DEL IES TETU\u00c1N DE LAS VICTORIAS<\/strong><\/p>\t\t\t\t\t\t\t\t<\/div>\n\t\t\t\t<\/div>\n\t\t\t\t<div class=\"elementor-element elementor-element-24123dc elementor-widget elementor-widget-image\" data-id=\"24123dc\" data-element_type=\"widget\" data-widget_type=\"image.default\">\n\t\t\t\t<div class=\"elementor-widget-container\">\n\t\t\t\t\t\t\t\t\t\t\t\t\t\t\t<img fetchpriority=\"high\" decoding=\"async\" width=\"1024\" height=\"473\" src=\"https:\/\/webalumnos.iestetuan.es\/wp-content\/uploads\/2024\/05\/FERIA1-1024x473.jpg\" class=\"attachment-large size-large wp-image-852\" alt=\"\" srcset=\"https:\/\/webalumnos.iestetuan.es\/wp-content\/uploads\/2024\/05\/FERIA1-1024x473.jpg 1024w, https:\/\/webalumnos.iestetuan.es\/wp-content\/uploads\/2024\/05\/FERIA1-300x138.jpg 300w, https:\/\/webalumnos.iestetuan.es\/wp-content\/uploads\/2024\/05\/FERIA1-768x354.jpg 768w, https:\/\/webalumnos.iestetuan.es\/wp-content\/uploads\/2024\/05\/FERIA1-1536x709.jpg 1536w, https:\/\/webalumnos.iestetuan.es\/wp-content\/uploads\/2024\/05\/FERIA1.jpg 2000w\" sizes=\"(max-width: 1024px) 100vw, 1024px\" \/>\t\t\t\t\t\t\t\t\t\t\t\t\t\t\t<\/div>\n\t\t\t\t<\/div>\n\t\t\t\t\t<\/div>\n\t\t\t\t<\/div>\n\t\t<div class=\"has_eae_slider elementor-element elementor-element-9290cbb e-flex e-con-boxed e-con e-parent\" data-eae-slider=\"6137\" data-id=\"9290cbb\" data-element_type=\"container\">\n\t\t\t\t\t<div class=\"e-con-inner\">\n\t\t\t\t<div class=\"elementor-element elementor-element-fc0c0d1 elementor-widget elementor-widget-text-editor\" data-id=\"fc0c0d1\" data-element_type=\"widget\" data-widget_type=\"text-editor.default\">\n\t\t\t\t<div class=\"elementor-widget-container\">\n\t\t\t\t\t\t\t\t\t<p>Lo que ocurri\u00f3 ese maravilloso d\u00eda es ya historia y m\u00edtica, un fina mezcla de alegr\u00eda, responsabilidad, saber hacer e imaginaci\u00f3n desatada.<\/p><p>En el Aula Ada Byron nuestros alumnos de AVG y GIAT frotaron la l\u00e1mpara m\u00e1gica de la ilusi\u00f3n para adentrarnos en un maravilloso viaje alrededor del mundo. Se dispusieron y pertrecharon \u00abstands\u00bb de Honduras, Marruecos, T\u00fanez, Islas Filipinas, Ruman\u00eda, Francia, Bolivia, Venezuela, Per\u00fa y Ecuador.<\/p><p>En cada puesto, un grupo especializado de chavales (vestidos con indumentarias propias de cada pa\u00eds) sumerg\u00eda al visitante en un viaje recomendado por ciudades, playas, alojamientos, hoteles, restaurantes, comidas o tradiciones del lugar.<\/p>\t\t\t\t\t\t\t\t<\/div>\n\t\t\t\t<\/div>\n\t\t\t\t<div class=\"elementor-element elementor-element-010cfbe elementor-widget elementor-widget-image\" data-id=\"010cfbe\" data-element_type=\"widget\" data-widget_type=\"image.default\">\n\t\t\t\t<div class=\"elementor-widget-container\">\n\t\t\t\t\t\t\t\t\t\t\t\t\t\t\t<img decoding=\"async\" width=\"1024\" height=\"473\" src=\"https:\/\/webalumnos.iestetuan.es\/wp-content\/uploads\/2024\/05\/feria3-1024x473.jpg\" class=\"attachment-large size-large wp-image-860\" alt=\"\" srcset=\"https:\/\/webalumnos.iestetuan.es\/wp-content\/uploads\/2024\/05\/feria3-1024x473.jpg 1024w, https:\/\/webalumnos.iestetuan.es\/wp-content\/uploads\/2024\/05\/feria3-300x138.jpg 300w, https:\/\/webalumnos.iestetuan.es\/wp-content\/uploads\/2024\/05\/feria3-768x354.jpg 768w, https:\/\/webalumnos.iestetuan.es\/wp-content\/uploads\/2024\/05\/feria3-1536x709.jpg 1536w, https:\/\/webalumnos.iestetuan.es\/wp-content\/uploads\/2024\/05\/feria3.jpg 2000w\" sizes=\"(max-width: 1024px) 100vw, 1024px\" \/>\t\t\t\t\t\t\t\t\t\t\t\t\t\t\t<\/div>\n\t\t\t\t<\/div>\n\t\t\t\t\t<\/div>\n\t\t\t\t<\/div>\n\t\t<div class=\"has_eae_slider elementor-element elementor-element-ca59d02 e-flex e-con-boxed e-con e-parent\" data-eae-slider=\"54913\" data-id=\"ca59d02\" data-element_type=\"container\">\n\t\t\t\t\t<div class=\"e-con-inner\">\n\t\t\t\t<div class=\"elementor-element elementor-element-30d3a30 elementor-widget elementor-widget-text-editor\" data-id=\"30d3a30\" data-element_type=\"widget\" data-widget_type=\"text-editor.default\">\n\t\t\t\t<div class=\"elementor-widget-container\">\n\t\t\t\t\t\t\t\t\t<p><img decoding=\"async\" class=\"size-medium wp-image-867 alignright\" src=\"https:\/\/webalumnos.iestetuan.es\/wp-content\/uploads\/2024\/05\/feria4-138x300.jpg\" alt=\"\" width=\"138\" height=\"300\" srcset=\"https:\/\/webalumnos.iestetuan.es\/wp-content\/uploads\/2024\/05\/feria4-138x300.jpg 138w, https:\/\/webalumnos.iestetuan.es\/wp-content\/uploads\/2024\/05\/feria4-473x1024.jpg 473w, https:\/\/webalumnos.iestetuan.es\/wp-content\/uploads\/2024\/05\/feria4-768x1664.jpg 768w, https:\/\/webalumnos.iestetuan.es\/wp-content\/uploads\/2024\/05\/feria4-709x1536.jpg 709w, https:\/\/webalumnos.iestetuan.es\/wp-content\/uploads\/2024\/05\/feria4-945x2048.jpg 945w, https:\/\/webalumnos.iestetuan.es\/wp-content\/uploads\/2024\/05\/feria4-scaled.jpg 1181w\" sizes=\"(max-width: 138px) 100vw, 138px\" \/><\/p><p>Durante toda la ma\u00f1ana alumnos y profesores de todo el instituto estuvimos invitados a visitar esta fascinante sucesi\u00f3n de talleres. Nos decoraban las manos con henna en Marruecos, pasamos mucho miedo en las estribaciones rumanas de Transilvania, nos perfumaron de exotismo Islas Filipinas y Honduras o Venezuela, comimos quesos diversos en Francia, saboreamos dulces de T\u00fanez y comidas de Ecuador, Bolivia o el Per\u00fa. Se hicieron demostraciones \u00abin-situ\u00bb de tradiciones y de elaboraci\u00f3n de platos concretos de los distintos pa\u00edses representados. Los visitantes \u00e9ramos invitados posteriormente a la correspondiente degustaci\u00f3n de los mismos.<\/p>\t\t\t\t\t\t\t\t<\/div>\n\t\t\t\t<\/div>\n\t\t\t\t\t<\/div>\n\t\t\t\t<\/div>\n\t\t<div class=\"has_eae_slider elementor-element elementor-element-a38c770 e-flex e-con-boxed e-con e-parent\" data-eae-slider=\"31015\" data-id=\"a38c770\" data-element_type=\"container\">\n\t\t\t\t\t<div class=\"e-con-inner\">\n\t\t\t\t<div class=\"elementor-element elementor-element-2fa2b77 elementor-widget elementor-widget-text-editor\" data-id=\"2fa2b77\" data-element_type=\"widget\" data-widget_type=\"text-editor.default\">\n\t\t\t\t<div class=\"elementor-widget-container\">\n\t\t\t\t\t\t\t\t\t<p>Solo nos qued\u00f3 la desolaci\u00f3n y las ganas de m\u00e1s al final de la ma\u00f1ana. Fue un perfecto d\u00eda de Las Mil y Una\u00a0 Noches gracias al extraordinario trabajo de alumnos y profesores de AVG y\u00a0 GIAT y del departamento de Extraescolares del Centro.<\/p><p>\u00a1Enhorabuena y gracias por vuestra implicaci\u00f3n y vuestro sobresaliente trabajo!<\/p>\t\t\t\t\t\t\t\t<\/div>\n\t\t\t\t<\/div>\n\t\t\t\t<div class=\"elementor-element elementor-element-3bd8d77 elementor-widget elementor-widget-image\" data-id=\"3bd8d77\" data-element_type=\"widget\" data-widget_type=\"image.default\">\n\t\t\t\t<div class=\"elementor-widget-container\">\n\t\t\t\t\t\t\t\t\t\t\t\t\t\t\t<img loading=\"lazy\" decoding=\"async\" width=\"1024\" height=\"473\" src=\"https:\/\/webalumnos.iestetuan.es\/wp-content\/uploads\/2024\/05\/feria5-1024x473.jpg\" class=\"attachment-large size-large wp-image-875\" alt=\"\" srcset=\"https:\/\/webalumnos.iestetuan.es\/wp-content\/uploads\/2024\/05\/feria5-1024x473.jpg 1024w, https:\/\/webalumnos.iestetuan.es\/wp-content\/uploads\/2024\/05\/feria5-300x138.jpg 300w, https:\/\/webalumnos.iestetuan.es\/wp-content\/uploads\/2024\/05\/feria5-768x354.jpg 768w, https:\/\/webalumnos.iestetuan.es\/wp-content\/uploads\/2024\/05\/feria5-1536x709.jpg 1536w, https:\/\/webalumnos.iestetuan.es\/wp-content\/uploads\/2024\/05\/feria5.jpg 2000w\" sizes=\"(max-width: 1024px) 100vw, 1024px\" \/>\t\t\t\t\t\t\t\t\t\t\t\t\t\t\t<\/div>\n\t\t\t\t<\/div>\n\t\t\t\t\t<\/div>\n\t\t\t\t<\/div>\n\t\t\t\t<\/div>\n\t\t","protected":false},"excerpt":{"rendered":"<p>El correo que nos anunci\u00f3 la maravilla fue el siguiente: &#8212;&#8212;&#8212;&#8212;&#8212;&#8212;&#8212;&#8212;&#8212;&#8212;&#8212;&#8212;- El Comit\u00e9 Organizador de Eventos\u00a0 del curso 1\u00ba de GIAT y AVG Se complace en invitarle a la I&hellip;&nbsp;<a href=\"https:\/\/webalumnos.iestetuan.es\/?p=847\" class=\"\" rel=\"bookmark\">Leer m\u00e1s &raquo;<span class=\"screen-reader-text\">Primera Feria de Turismo del IES Tetu\u00e1n &#8211; Un viaje de colores, sabores y culturas \u00fanicas.<\/span><\/a><\/p>\n","protected":false},"author":1,"featured_media":853,"comment_status":"closed","ping_status":"open","sticky":false,"template":"","format":"standard","meta":{"neve_meta_sidebar":"","neve_meta_container":"","neve_meta_enable_content_width":"","neve_meta_content_width":0,"neve_meta_title_alignment":"","neve_meta_author_avatar":"","neve_post_elements_order":"","neve_meta_disable_header":"","neve_meta_disable_footer":"","neve_meta_disable_title":"","footnotes":""},"categories":[15,4],"tags":[],"_links":{"self":[{"href":"https:\/\/webalumnos.iestetuan.es\/index.php?rest_route=\/wp\/v2\/posts\/847"}],"collection":[{"href":"https:\/\/webalumnos.iestetuan.es\/index.php?rest_route=\/wp\/v2\/posts"}],"about":[{"href":"https:\/\/webalumnos.iestetuan.es\/index.php?rest_route=\/wp\/v2\/types\/post"}],"author":[{"embeddable":true,"href":"https:\/\/webalumnos.iestetuan.es\/index.php?rest_route=\/wp\/v2\/users\/1"}],"replies":[{"embeddable":true,"href":"https:\/\/webalumnos.iestetuan.es\/index.php?rest_route=%2Fwp%2Fv2%2Fcomments&post=847"}],"version-history":[{"count":31,"href":"https:\/\/webalumnos.iestetuan.es\/index.php?rest_route=\/wp\/v2\/posts\/847\/revisions"}],"predecessor-version":[{"id":884,"href":"https:\/\/webalumnos.iestetuan.es\/index.php?rest_route=\/wp\/v2\/posts\/847\/revisions\/884"}],"wp:featuredmedia":[{"embeddable":true,"href":"https:\/\/webalumnos.iestetuan.es\/index.php?rest_route=\/wp\/v2\/media\/853"}],"wp:attachment":[{"href":"https:\/\/webalumnos.iestetuan.es\/index.php?rest_route=%2Fwp%2Fv2%2Fmedia&parent=847"}],"wp:term":[{"taxonomy":"category","embeddable":true,"href":"https:\/\/webalumnos.iestetuan.es\/index.php?rest_route=%2Fwp%2Fv2%2Fcategories&post=847"},{"taxonomy":"post_tag","embeddable":true,"href":"https:\/\/webalumnos.iestetuan.es\/index.php?rest_route=%2Fwp%2Fv2%2Ftags&post=847"}],"curies":[{"name":"wp","href":"https:\/\/api.w.org\/{rel}","templated":true}]}}