{"id":885,"date":"2024-06-07T11:04:26","date_gmt":"2024-06-07T09:04:26","guid":{"rendered":"https:\/\/webalumnos.iestetuan.es\/?p=885"},"modified":"2024-06-17T09:15:45","modified_gmt":"2024-06-17T07:15:45","slug":"aws-summit-madrid-2024-y-premio-al-departamento-de-informatica-del-tetuan","status":"publish","type":"post","link":"https:\/\/webalumnos.iestetuan.es\/?p=885","title":{"rendered":"AWS Summit Madrid 2024 y Premio al Departamento de Inform\u00e1tica del Tetu\u00e1n"},"content":{"rendered":"\t\t<div data-elementor-type=\"wp-post\" data-elementor-id=\"885\" class=\"elementor elementor-885\">\n\t\t\t\t<div class=\"has_eae_slider elementor-element elementor-element-35a9342 e-flex e-con-boxed e-con e-parent\" data-eae-slider=\"6335\" data-id=\"35a9342\" data-element_type=\"container\">\n\t\t\t\t\t<div class=\"e-con-inner\">\n\t\t\t\t<div class=\"elementor-element elementor-element-9144697 elementor-widget elementor-widget-text-editor\" data-id=\"9144697\" data-element_type=\"widget\" data-widget_type=\"text-editor.default\">\n\t\t\t\t<div class=\"elementor-widget-container\">\n\t\t\t\t\t\t\t\t\t<p>Ayer d\u00eda 5 de junio de 2024 fue un d\u00eda muy especial para el <strong>Departamento de Inform\u00e1tica<\/strong> del instituto. Como todos estos \u00faltimos a\u00f1os se celebraba en el recinto de <strong>Ifema el AWS Summit<\/strong>. En la agenda del d\u00eda hab\u00eda un evento muy especial que<strong> reconoc\u00eda el compromiso de nuestro Centro y del Departamento de Inform\u00e1tica, m\u00e1s concretamente, con AWS y la docencia vinculada a paradigmas inform\u00e1ticos en la nube .\u00a0<\/strong><\/p><p>Pero antes de nada vamos a enmarcar el acto y a explicar en qu\u00e9 consiste este evento tecnol\u00f3gico tan puntero.<\/p>\t\t\t\t\t\t\t\t<\/div>\n\t\t\t\t<\/div>\n\t\t\t\t<div class=\"elementor-element elementor-element-adb5cc1 elementor-widget elementor-widget-image\" data-id=\"adb5cc1\" data-element_type=\"widget\" data-widget_type=\"image.default\">\n\t\t\t\t<div class=\"elementor-widget-container\">\n\t\t\t\t\t\t\t\t\t\t\t\t\t\t\t<img fetchpriority=\"high\" decoding=\"async\" width=\"1024\" height=\"581\" src=\"https:\/\/webalumnos.iestetuan.es\/wp-content\/uploads\/2024\/06\/Foto-de-Miguel-Angel-Riballo1-1024x581.jpg\" class=\"attachment-large size-large wp-image-891\" alt=\"\" srcset=\"https:\/\/webalumnos.iestetuan.es\/wp-content\/uploads\/2024\/06\/Foto-de-Miguel-Angel-Riballo1-1024x581.jpg 1024w, https:\/\/webalumnos.iestetuan.es\/wp-content\/uploads\/2024\/06\/Foto-de-Miguel-Angel-Riballo1-300x170.jpg 300w, https:\/\/webalumnos.iestetuan.es\/wp-content\/uploads\/2024\/06\/Foto-de-Miguel-Angel-Riballo1-768x435.jpg 768w, https:\/\/webalumnos.iestetuan.es\/wp-content\/uploads\/2024\/06\/Foto-de-Miguel-Angel-Riballo1-1536x871.jpg 1536w, https:\/\/webalumnos.iestetuan.es\/wp-content\/uploads\/2024\/06\/Foto-de-Miguel-Angel-Riballo1.jpg 2048w\" sizes=\"(max-width: 1024px) 100vw, 1024px\" \/>\t\t\t\t\t\t\t\t\t\t\t\t\t\t\t<\/div>\n\t\t\t\t<\/div>\n\t\t\t\t\t<\/div>\n\t\t\t\t<\/div>\n\t\t<div class=\"has_eae_slider elementor-element elementor-element-d0e0930 e-flex e-con-boxed e-con e-parent\" data-eae-slider=\"22587\" data-id=\"d0e0930\" data-element_type=\"container\">\n\t\t\t\t\t<div class=\"e-con-inner\">\n\t\t\t\t<div class=\"elementor-element elementor-element-cee2aac elementor-widget elementor-widget-text-editor\" data-id=\"cee2aac\" data-element_type=\"widget\" data-widget_type=\"text-editor.default\">\n\t\t\t\t<div class=\"elementor-widget-container\">\n\t\t\t\t\t\t\t\t\t<p><strong>AWS Summi<\/strong>t es un punto de encuentro. Un d\u00eda en el que se presentan los productos y soluciones de AWS, se profundiza en el conocimiento t\u00e9cnico de los mismos y se realizan demostraciones de empresas y organizaciones de todo el mundo. Multinacionales, bancos, organismos, etc, utilizan AWS para innovar y transformar su negocio. Buscan desprenderse de las dificultades que ofrece desplegar y mantener una infraestructura inform\u00e1tica y de redes o almacenamiento, para centrarse en su modelo de negocio. En el AWS Summit se establecen sinergias y puestas en com\u00fan entre clientes, empresas y organizadores y se informa sobre hitos tecnol\u00f3gicos innovadores. En definitiva, <strong>El SUMMIT es un \u00e1rbol de conocimiento y crecimiento con infinitas ramas apasionantes. Mezcla de tecnolog\u00eda, sostenibilidad, innovaci\u00f3n, negocio, inversi\u00f3n, emprendimiento y ganas de descubrir deslumbrantes soluciones<\/strong>.<\/p>\t\t\t\t\t\t\t\t<\/div>\n\t\t\t\t<\/div>\n\t\t\t\t<div class=\"elementor-element elementor-element-aa2f287 elementor-widget elementor-widget-image\" data-id=\"aa2f287\" data-element_type=\"widget\" data-widget_type=\"image.default\">\n\t\t\t\t<div class=\"elementor-widget-container\">\n\t\t\t\t\t\t\t\t\t\t\t\t\t\t\t<img decoding=\"async\" width=\"1024\" height=\"768\" src=\"https:\/\/webalumnos.iestetuan.es\/wp-content\/uploads\/2024\/06\/Foto-de-Miguel-Angel-Riballo2-1-1024x768.jpg\" class=\"attachment-large size-large wp-image-917\" alt=\"\" srcset=\"https:\/\/webalumnos.iestetuan.es\/wp-content\/uploads\/2024\/06\/Foto-de-Miguel-Angel-Riballo2-1-1024x768.jpg 1024w, https:\/\/webalumnos.iestetuan.es\/wp-content\/uploads\/2024\/06\/Foto-de-Miguel-Angel-Riballo2-1-300x225.jpg 300w, https:\/\/webalumnos.iestetuan.es\/wp-content\/uploads\/2024\/06\/Foto-de-Miguel-Angel-Riballo2-1-768x576.jpg 768w, https:\/\/webalumnos.iestetuan.es\/wp-content\/uploads\/2024\/06\/Foto-de-Miguel-Angel-Riballo2-1-1536x1152.jpg 1536w, https:\/\/webalumnos.iestetuan.es\/wp-content\/uploads\/2024\/06\/Foto-de-Miguel-Angel-Riballo2-1.jpg 1600w\" sizes=\"(max-width: 1024px) 100vw, 1024px\" \/>\t\t\t\t\t\t\t\t\t\t\t\t\t\t\t<\/div>\n\t\t\t\t<\/div>\n\t\t\t\t\t<\/div>\n\t\t\t\t<\/div>\n\t\t<div class=\"has_eae_slider elementor-element elementor-element-7575f06 e-flex e-con-boxed e-con e-parent\" data-eae-slider=\"65697\" data-id=\"7575f06\" data-element_type=\"container\">\n\t\t\t\t\t<div class=\"e-con-inner\">\n\t\t\t\t<div class=\"elementor-element elementor-element-316ef36 elementor-widget elementor-widget-heading\" data-id=\"316ef36\" data-element_type=\"widget\" data-widget_type=\"heading.default\">\n\t\t\t\t<div class=\"elementor-widget-container\">\n\t\t\t\t\t<h2 class=\"elementor-heading-title elementor-size-default\">Qu\u00e9 nos descubri\u00f3 el AWS Summit 2024 - Madrid<\/h2>\t\t\t\t<\/div>\n\t\t\t\t<\/div>\n\t\t\t\t\t<\/div>\n\t\t\t\t<\/div>\n\t\t<div class=\"has_eae_slider elementor-element elementor-element-1619af2 e-flex e-con-boxed e-con e-parent\" data-eae-slider=\"7688\" data-id=\"1619af2\" data-element_type=\"container\">\n\t\t\t\t\t<div class=\"e-con-inner\">\n\t\t\t\t<div class=\"elementor-element elementor-element-a74961a elementor-widget elementor-widget-text-editor\" data-id=\"a74961a\" data-element_type=\"widget\" data-widget_type=\"text-editor.default\">\n\t\t\t\t<div class=\"elementor-widget-container\">\n\t\t\t\t\t\t\t\t\t<p>La cita de este a\u00f1o comenzaba con la bienvenida de <strong>Suzana Curic<\/strong>, country lead de AWS en Iberia. Destacable de su intervenci\u00f3n fue el \u00e9nfasis puesto en la inversi\u00f3n que AWS va a realizar en la<strong> re<\/strong><strong>gi\u00f3n de Arag\u00f3n: 15700 millones en la regi\u00f3n durante los pr\u00f3ximos 10 a\u00f1os<\/strong>. <strong>Suzana<\/strong> incidi\u00f3 en la importancia de la formaci\u00f3n para empresa: <strong><em>\u00abNo hay transforma<\/em><\/strong><strong><em>ci\u00f3n sin Formaci\u00f3n\u00bb<\/em><\/strong> e inform\u00f3 del programa de Educaci\u00f3n de la misma con mas de <strong>200000 profesionales formados en Espa\u00f1a desde 2017<\/strong>. Remarc\u00f3 el papel de <strong>Alianza Tech AWS en Espa\u00f1a un conjunto de 500 instituciones<\/strong> educativas, organismos p\u00fablicos, clientes y partners de AWS.<\/p><p>Tras ella lleg\u00f3 el turno de <strong>Deepak Singh<\/strong>, vicepresidente de Next Generation Developer Experience. <strong>Deepak<\/strong> dej\u00f3 clara la tendencia futura: <strong>la Inteligenia Artificial generativa como mejora de la experiencia del cliente y motor de inversi\u00f3n y mejora empresarial &#8211;<\/strong> <em><strong>\u201cOrganizaciones de todo tipo y tama\u00f1o ya est\u00e1n utilizando IA e IA generativa para innovar y transformar la forma en la que crean productos y servicios con el objetivo de ofrecer experiencias \u00fanicas y personalizadas\u201d<\/strong><\/em>. Se nos present\u00f3 un \u00abtimeline\u00bb de hitos innovadores como la aparici\u00f3n del transistor, el circuito integrado o internet y el impacto que tuvieron en su momento. Con ello trataba <strong>Singh<\/strong> de ejemplificar el salto tecnol\u00f3gico actual que emprendemos trabajando ya con servicios AWS basados en IA e IA generativa como <strong>Amaz\u00f3n Q o Amazon Bedrock.<\/strong><\/p><p><span style=\"color: var( --e-global-color-text ); font-family: var( --e-global-typography-text-font-family ), Sans-serif; font-size: var( --e-global-typography-text-font-size ); font-weight: var( --e-global-typography-text-font-weight ); text-align: var(--text-align); background-color: var(--nv-site-bg); letter-spacing: var(--bodyletterspacing); text-transform: var(--bodytexttransform);\">Completaron esta Keynote inaugural empresas como <\/span><strong style=\"color: var( --e-global-color-text ); font-family: var( --e-global-typography-text-font-family ), Sans-serif; font-size: var( --e-global-typography-text-font-size ); text-align: var(--text-align); background-color: var(--nv-site-bg); letter-spacing: var(--bodyletterspacing); text-transform: var(--bodytexttransform);\">Sanitas y Adevinta<\/strong><span style=\"color: var( --e-global-color-text ); font-family: var( --e-global-typography-text-font-family ), Sans-serif; font-size: var( --e-global-typography-text-font-size ); font-weight: var( --e-global-typography-text-font-weight ); text-align: var(--text-align); background-color: var(--nv-site-bg); letter-spacing: var(--bodyletterspacing); text-transform: var(--bodytexttransform);\"> que explicaron los beneficios que les ha reportado la migraci\u00f3n de su infraestructura tecnol\u00f3gica a soluciones en la nube AWS.<\/span>.<\/p>\t\t\t\t\t\t\t\t<\/div>\n\t\t\t\t<\/div>\n\t\t\t\t<div class=\"elementor-element elementor-element-51d2720 elementor-widget elementor-widget-image\" data-id=\"51d2720\" data-element_type=\"widget\" data-widget_type=\"image.default\">\n\t\t\t\t<div class=\"elementor-widget-container\">\n\t\t\t\t\t\t\t\t\t\t\t\t\t\t\t<img decoding=\"async\" width=\"1024\" height=\"768\" src=\"https:\/\/webalumnos.iestetuan.es\/wp-content\/uploads\/2024\/06\/Foto-de-Miguel-Angel-Riballo1-2-1024x768.jpg\" class=\"attachment-large size-large wp-image-916\" alt=\"\" srcset=\"https:\/\/webalumnos.iestetuan.es\/wp-content\/uploads\/2024\/06\/Foto-de-Miguel-Angel-Riballo1-2-1024x768.jpg 1024w, https:\/\/webalumnos.iestetuan.es\/wp-content\/uploads\/2024\/06\/Foto-de-Miguel-Angel-Riballo1-2-300x225.jpg 300w, https:\/\/webalumnos.iestetuan.es\/wp-content\/uploads\/2024\/06\/Foto-de-Miguel-Angel-Riballo1-2-768x576.jpg 768w, https:\/\/webalumnos.iestetuan.es\/wp-content\/uploads\/2024\/06\/Foto-de-Miguel-Angel-Riballo1-2-1536x1152.jpg 1536w, https:\/\/webalumnos.iestetuan.es\/wp-content\/uploads\/2024\/06\/Foto-de-Miguel-Angel-Riballo1-2.jpg 1600w\" sizes=\"(max-width: 1024px) 100vw, 1024px\" \/>\t\t\t\t\t\t\t\t\t\t\t\t\t\t\t<\/div>\n\t\t\t\t<\/div>\n\t\t\t\t<div class=\"elementor-element elementor-element-4df0f3a elementor-widget elementor-widget-heading\" data-id=\"4df0f3a\" data-element_type=\"widget\" data-widget_type=\"heading.default\">\n\t\t\t\t<div class=\"elementor-widget-container\">\n\t\t\t\t\t<h2 class=\"elementor-heading-title elementor-size-default\">Breve recorrido y entrega de premio\/galard\u00f3n de AWS al IES Tetu\u00e1n de las Victorias<\/h2>\t\t\t\t<\/div>\n\t\t\t\t<\/div>\n\t\t\t\t\t<\/div>\n\t\t\t\t<\/div>\n\t\t<div class=\"has_eae_slider elementor-element elementor-element-69495dd e-flex e-con-boxed e-con e-parent\" data-eae-slider=\"3490\" data-id=\"69495dd\" data-element_type=\"container\">\n\t\t\t\t\t<div class=\"e-con-inner\">\n\t\t\t\t<div class=\"elementor-element elementor-element-fcb3d16 elementor-widget elementor-widget-text-editor\" data-id=\"fcb3d16\" data-element_type=\"widget\" data-widget_type=\"text-editor.default\">\n\t\t\t\t<div class=\"elementor-widget-container\">\n\t\t\t\t\t\t\t\t\t<p><img loading=\"lazy\" decoding=\"async\" class=\"size-medium wp-image-900 alignright\" src=\"https:\/\/webalumnos.iestetuan.es\/wp-content\/uploads\/2024\/06\/aws2-300x200.jpg\" alt=\"\" width=\"300\" height=\"200\" srcset=\"https:\/\/webalumnos.iestetuan.es\/wp-content\/uploads\/2024\/06\/aws2-300x200.jpg 300w, https:\/\/webalumnos.iestetuan.es\/wp-content\/uploads\/2024\/06\/aws2-1024x683.jpg 1024w, https:\/\/webalumnos.iestetuan.es\/wp-content\/uploads\/2024\/06\/aws2-768x512.jpg 768w, https:\/\/webalumnos.iestetuan.es\/wp-content\/uploads\/2024\/06\/aws2-1536x1024.jpg 1536w, https:\/\/webalumnos.iestetuan.es\/wp-content\/uploads\/2024\/06\/aws2-2048x1366.jpg 2048w, https:\/\/webalumnos.iestetuan.es\/wp-content\/uploads\/2024\/06\/aws2-930x620.jpg 930w\" sizes=\"(max-width: 300px) 100vw, 300px\" \/>Tras las charlas de bienvenida fue el momento del tradicional recorrido por puestos y stands de empresas e instituciones vinculadas con la tecnolog\u00eda y con los servicios y soluciones de AWS.<\/p><p>Vimos muchas soluciones en las que ya se trabaja con <strong>Inteligencia Artificial<\/strong>: <strong>brazos mec\u00e1nico<\/strong>s operados en remoto, <strong>impresi\u00f3n 3d<\/strong> con modelos generados con servicios como <strong>Bedrock<\/strong>, <strong>avatares digitales y hologramas utilizados<\/strong>, por ejemplo, para el aprendizaje de las partes del cuerpo humano, cascos de seguridad inteligentes, robots barman. Nos explicaron c\u00f3mo <strong>AWS<\/strong> usa la IA y sus servicios para <strong>mejorar la sostenibilidad de sus infraestructuras y las de su entorno<\/strong> (detecci\u00f3n de fugas en canalizaciones de agua, aprovechamiento \u00f3ptimo de la misma, etc.)<\/p><p>Nos movimos entre los stands de las diferentes empresas que ya trabajan con servicios en la nube de AWS y que nos fueron explicando los sustanciales cambios y mejoras que han conseguido. <strong>Vimos ejemplos que los que son instancias Spot y su relaci\u00f3n con el servicio EKS<\/strong> jugando a una arcade de <strong>\u00abSpotInvaders\u00bb<\/strong> que ejemplificaba su uso. Entablamos contacto con empresas para buscar colaboraciones de cara a la formaci\u00f3n en empresas de nuestro alumnado de los ciclos de Inform\u00e1tica de FP, nos explicaron soluciones con el binomio <strong>IoT+servicios AWS<\/strong>&#8230;&#8230;..En fin, un deambular maravilloso y de aprendizaje lleno de sugerencias, caminos de estudio nuevos y oportunidades.<\/p><hr \/><p style=\"text-align: center;\"><strong>EL IES TETU\u00c1N GALARDONADO POR AWS<\/strong><\/p><p>Ya por la tarde llegaba el momento m\u00e1s esperado por nosotros. <strong>La\u00a0Skills to Jobs Tech Alliance<\/strong> nos hac\u00eda\u00a0 entrega de un galard\u00f3n en reconocimiento a la labor destacada que venimos realizando en el instituto para reducir la brecha de conocimientos digitales en nuestro pa\u00eds, en la categor\u00eda de instituciones educativas y docentes.<\/p><p>Nuestros colegas de AWS incid\u00edan en la justificaci\u00f3n del premio <strong><em>\u00abpor el compromiso excepcional para promover la empleabilidad y la formaci\u00f3n en tecnolog\u00edas cloud de sus estudiantes, a trav\u00e9s de su participaci\u00f3n activa en la Skills to Jobs Tech Alliance (Alianza Tech) y la utilizaci\u00f3n activa de AWS Academy\u00bb<\/em><\/strong>. Hac\u00edan \u00e9nfasis en el siguiente aspecto:<\/p><p><strong><em>Bajo el liderazgo de su docente Jos\u00e9 Mantec\u00f3n y resto del departamento de inform\u00e1tica, el centro ha participado en actividades como AWS Jam, AWS DeepRacer, ferias de empleo y la Jornada de Empleabilidad. Esto ha permitido que los estudiantes desarrollen habilidades pr\u00e1cticas en tecnolog\u00edas cloud de AWS, expongan sus proyectos ante posibles empleadores y accedan a oportunidades laborales. Por todo lo anterior, consideramos que este centro educativo y su claustro docente del departamento de inform\u00e1tica son un modelo en t\u00e9rminos de fomento de la empleabilidad y la formaci\u00f3n cloud a trav\u00e9s de las iniciativas de AWS y su Alianza Tech y, por tanto, merecedores\u00a0 del premio de la Alianza Tech en la categor\u00eda de instituciones educativas y docentes.<\/em><\/strong><\/p><p>No se olvidaba tampoco nuestro amigo <strong>I\u00f1aki Bilbao<\/strong> de <strong>Jos\u00e9 Emilio Vera,<\/strong> profesor del IES Tetu\u00e1n , que fue la <strong>persona incitadora e impulsora del proyecto de AWS en el centro.<\/strong><\/p><p>Despu\u00e9s de las preciosas y generos\u00edsimas palabras de I\u00f1aki alabando el compromiso de nuestro Departamento de Inform\u00e1tica y del Centro, lleg\u00f3 el turno de palabra de <strong>Carmen Fern\u00e1ndez (directora del IES Tetu\u00e1n),<\/strong> <strong>Alberto L\u00f3pez (Jefe de Departamento del Departamento de Inform\u00e1tica del Centro) y Jos\u00e9 Mantec\u00f3n (TIC del IES Tetu\u00e1n)<\/strong>. En su intervenci\u00f3n, como se observa en el v\u00eddeo, los tres se\u00f1alaron la gran importancia de la colaboraci\u00f3n empresa-educaci\u00f3n como mecanismo de mejora curricular del alumnado y tambi\u00e9n como posicionamiento laboral de los mismos. Se remarc\u00f3 el cambio que nos ha supuesto a nivel docente el hecho de poder desplegar infraestructuras complejas\u00a0 trabajando con los servicios de AWS en la nube. En el aula usamos dichas soluciones para mostrar ejemplos, casos de uso y escenarios diversos en los distintos m\u00f3dulos que constituyen el curriculum de nuestros ciclos de <strong>DAM, ASIR o DAM y SMR.<\/strong> Finalmente los tres agradecieron la colaboraci\u00f3n y el compromiso de AWS. En el instituto estamos agradecidos a la <strong>AWS y a Alianza Tech<\/strong> de llevar al aula tecnolog\u00edas y soluciones en la nube de aplicabilidad directa en las empresas y de un valor m\u00e1ximo para la mejora del\u00a0 perfil profesional de nuestros alumnos.<\/p><p><iframe style=\"border: 0; overflow: hidden;\" src=\"https:\/\/mediateca.educa.madrid.org\/video\/rsgmy9ppggezxwae\/fs\" width=\"420\" height=\"315\" frameborder=\"0\" scrolling=\"no\" allowfullscreen=\"allowfullscreen\"><\/iframe>\u00a0<\/p><p><strong>\u00a1Gracias a AWS por el galard\u00f3n, por su colaboraci\u00f3n y empe\u00f1o y por el magn\u00edfico SUMMIT de este a\u00f1o!<\/strong><\/p>\t\t\t\t\t\t\t\t<\/div>\n\t\t\t\t<\/div>\n\t\t\t\t\t<\/div>\n\t\t\t\t<\/div>\n\t\t\t\t<\/div>\n\t\t","protected":false},"excerpt":{"rendered":"<p>Ayer d\u00eda 5 de junio de 2024 fue un d\u00eda muy especial para el Departamento de Inform\u00e1tica del instituto. Como todos estos \u00faltimos a\u00f1os se celebraba en el recinto de&hellip;&nbsp;<a href=\"https:\/\/webalumnos.iestetuan.es\/?p=885\" class=\"\" rel=\"bookmark\">Leer m\u00e1s &raquo;<span class=\"screen-reader-text\">AWS Summit Madrid 2024 y Premio al Departamento de Inform\u00e1tica del Tetu\u00e1n<\/span><\/a><\/p>\n","protected":false},"author":1,"featured_media":900,"comment_status":"closed","ping_status":"open","sticky":false,"template":"","format":"standard","meta":{"neve_meta_sidebar":"","neve_meta_container":"","neve_meta_enable_content_width":"","neve_meta_content_width":0,"neve_meta_title_alignment":"","neve_meta_author_avatar":"","neve_post_elements_order":"","neve_meta_disable_header":"","neve_meta_disable_footer":"","neve_meta_disable_title":"","footnotes":""},"categories":[15,14,5],"tags":[],"_links":{"self":[{"href":"https:\/\/webalumnos.iestetuan.es\/index.php?rest_route=\/wp\/v2\/posts\/885"}],"collection":[{"href":"https:\/\/webalumnos.iestetuan.es\/index.php?rest_route=\/wp\/v2\/posts"}],"about":[{"href":"https:\/\/webalumnos.iestetuan.es\/index.php?rest_route=\/wp\/v2\/types\/post"}],"author":[{"embeddable":true,"href":"https:\/\/webalumnos.iestetuan.es\/index.php?rest_route=\/wp\/v2\/users\/1"}],"replies":[{"embeddable":true,"href":"https:\/\/webalumnos.iestetuan.es\/index.php?rest_route=%2Fwp%2Fv2%2Fcomments&post=885"}],"version-history":[{"count":28,"href":"https:\/\/webalumnos.iestetuan.es\/index.php?rest_route=\/wp\/v2\/posts\/885\/revisions"}],"predecessor-version":[{"id":925,"href":"https:\/\/webalumnos.iestetuan.es\/index.php?rest_route=\/wp\/v2\/posts\/885\/revisions\/925"}],"wp:featuredmedia":[{"embeddable":true,"href":"https:\/\/webalumnos.iestetuan.es\/index.php?rest_route=\/wp\/v2\/media\/900"}],"wp:attachment":[{"href":"https:\/\/webalumnos.iestetuan.es\/index.php?rest_route=%2Fwp%2Fv2%2Fmedia&parent=885"}],"wp:term":[{"taxonomy":"category","embeddable":true,"href":"https:\/\/webalumnos.iestetuan.es\/index.php?rest_route=%2Fwp%2Fv2%2Fcategories&post=885"},{"taxonomy":"post_tag","embeddable":true,"href":"https:\/\/webalumnos.iestetuan.es\/index.php?rest_route=%2Fwp%2Fv2%2Ftags&post=885"}],"curies":[{"name":"wp","href":"https:\/\/api.w.org\/{rel}","templated":true}]}}