{"id":927,"date":"2024-06-17T08:55:43","date_gmt":"2024-06-17T06:55:43","guid":{"rendered":"https:\/\/webalumnos.iestetuan.es\/?p=927"},"modified":"2024-06-17T09:21:42","modified_gmt":"2024-06-17T07:21:42","slug":"el-futuro-de-la-ia-generativa-una-mirada-desde-openexpo-europe-2024","status":"publish","type":"post","link":"https:\/\/webalumnos.iestetuan.es\/?p=927","title":{"rendered":"El Futuro de la IA Generativa: Una Mirada desde OpenExpo Europe 2024"},"content":{"rendered":"\t\t<div data-elementor-type=\"wp-post\" data-elementor-id=\"927\" class=\"elementor elementor-927\">\n\t\t\t\t<div class=\"has_eae_slider elementor-element elementor-element-88db17c e-flex e-con-boxed e-con e-parent\" data-eae-slider=\"91612\" data-id=\"88db17c\" data-element_type=\"container\">\n\t\t\t\t\t<div class=\"e-con-inner\">\n\t\t\t\t<div class=\"elementor-element elementor-element-9b6b02f elementor-widget elementor-widget-text-editor\" data-id=\"9b6b02f\" data-element_type=\"widget\" data-widget_type=\"text-editor.default\">\n\t\t\t\t<div class=\"elementor-widget-container\">\n\t\t\t\t\t\t\t\t\t<p><strong>Por Marcos Gonz\u00e1lez, Departamento de Inform\u00e1tica<\/strong><\/p><p>El pasado 13 de junio, tuve la oportunidad de asistir a la 11\u00aa edici\u00f3n de OpenExpo<br \/>Europe en Madrid, un evento de referencia en Europa bajo el lema \u00abThe Power of GenAI: Tomorrow\u2019s Tech Revolution Today!\u00bb. Esta feria ha sido un escaparate del poder transformador de la Inteligencia Artificial Generativa (GenAI) y su papel crucial en la evoluci\u00f3n tecnol\u00f3gica contempor\u00e1nea. Empresas l\u00edderes como Google, Bit2Me y Minsait (grupo Indra) se dieron cita para mostrar sus innovaciones y proyectos m\u00e1s avanzados en este campo.<\/p><p>Durante mi visita, pude explorar diversas aplicaciones de la IA y el estado del arte de esta tecnolog\u00eda, adem\u00e1s de descubrir soluciones emergentes en blockchain. Sin embargo, lo que realmente captur\u00f3 mi inter\u00e9s fue la conferencia de Carmen Reina, Head of Data Culture &amp;amp; AI Ethics en MasOrange. Su ponencia sobre los problemas \u00e9ticos de la IA ofreci\u00f3 una perspectiva profunda y cr\u00edtica sobre el desarrollo de estas tecnolog\u00edas.<\/p><p><span style=\"text-decoration: underline;\"><strong>La \u00c9tica y los Desaf\u00edos de la IA seg\u00fan Carmen Reina<\/strong><\/span><\/p><p>Carmen Reina centr\u00f3 su charla en los desaf\u00edos \u00e9ticos que plantea el desarrollo de la IA, un tema de crucial importancia en el contexto actual. Subray\u00f3 que, aunque la IA ha avanzado enormemente, a\u00fan no posee la inteligencia humana en su totalidad. La IA, para ser verdaderamente \u00fatil y segura, necesita comprender el contexto de manera similar a los humanos, lo que implica no solo procesamiento de datos, sino tambi\u00e9n una comprensi\u00f3n hol\u00edstica del entorno a trav\u00e9s de m\u00faltiples sentidos y conocimientos.<\/p><p>Uno de los puntos m\u00e1s intrigantes de su presentaci\u00f3n fue la discusi\u00f3n sobre el futuro de la IA cuando llegue a ser m\u00e1s inteligente que los humanos. Carmen plante\u00f3 preguntas cruciales sobre c\u00f3mo manejar esta potencial superioridad y qu\u00e9 implicaciones tendr\u00eda para la humanidad. La IA, argument\u00f3, debe ser desarrollada y utilizada con un fuerte marco \u00e9tico para asegurar que su evoluci\u00f3n beneficie a toda la humanidad.<\/p>\t\t\t\t\t\t\t\t<\/div>\n\t\t\t\t<\/div>\n\t\t\t\t\t<\/div>\n\t\t\t\t<\/div>\n\t\t<div class=\"has_eae_slider elementor-element elementor-element-6842b6f e-flex e-con-boxed e-con e-parent\" data-eae-slider=\"63216\" data-id=\"6842b6f\" data-element_type=\"container\">\n\t\t\t\t\t<div class=\"e-con-inner\">\n\t\t\t\t<div class=\"elementor-element elementor-element-6aa6380 elementor-widget elementor-widget-image\" data-id=\"6aa6380\" data-element_type=\"widget\" data-widget_type=\"image.default\">\n\t\t\t\t<div class=\"elementor-widget-container\">\n\t\t\t\t\t\t\t\t\t\t\t\t\t\t\t<img fetchpriority=\"high\" decoding=\"async\" width=\"768\" height=\"1024\" src=\"https:\/\/webalumnos.iestetuan.es\/wp-content\/uploads\/2024\/06\/IMG_9005-768x1024.jpg\" class=\"attachment-large size-large wp-image-929\" alt=\"\" srcset=\"https:\/\/webalumnos.iestetuan.es\/wp-content\/uploads\/2024\/06\/IMG_9005-768x1024.jpg 768w, https:\/\/webalumnos.iestetuan.es\/wp-content\/uploads\/2024\/06\/IMG_9005-225x300.jpg 225w, https:\/\/webalumnos.iestetuan.es\/wp-content\/uploads\/2024\/06\/IMG_9005-1152x1536.jpg 1152w, https:\/\/webalumnos.iestetuan.es\/wp-content\/uploads\/2024\/06\/IMG_9005-1536x2048.jpg 1536w, https:\/\/webalumnos.iestetuan.es\/wp-content\/uploads\/2024\/06\/IMG_9005-scaled.jpg 1920w\" sizes=\"(max-width: 768px) 100vw, 768px\" \/>\t\t\t\t\t\t\t\t\t\t\t\t\t\t\t<\/div>\n\t\t\t\t<\/div>\n\t\t\t\t\t<\/div>\n\t\t\t\t<\/div>\n\t\t<div class=\"has_eae_slider elementor-element elementor-element-b8c29a5 e-flex e-con-boxed e-con e-parent\" data-eae-slider=\"4966\" data-id=\"b8c29a5\" data-element_type=\"container\">\n\t\t\t\t\t<div class=\"e-con-inner\">\n\t\t\t\t<div class=\"elementor-element elementor-element-2cacf83 elementor-widget elementor-widget-text-editor\" data-id=\"2cacf83\" data-element_type=\"widget\" data-widget_type=\"text-editor.default\">\n\t\t\t\t<div class=\"elementor-widget-container\">\n\t\t\t\t\t\t\t\t\t<p><span style=\"text-decoration: underline;\"><strong>La IA y la Transformaci\u00f3n Digital<\/strong><\/span><\/p><p><br \/>Adem\u00e1s de los debates \u00e9ticos, OpenExpo Europe resalt\u00f3 c\u00f3mo la IA Generativa est\u00e1 revolucionando diversos sectores. Desde la nube hasta la conectividad y el Internet de las Cosas (IoT), la IA est\u00e1 en el centro de la transformaci\u00f3n digital. La feria subray\u00f3 que, aunque la GenAI es un tema destacado, sigue siendo parte de un ecosistema m\u00e1s amplio que incluye innovaci\u00f3n abierta, desarrollo de software y tecnolog\u00edas de c\u00f3digo abierto.<\/p><p><br \/><span style=\"text-decoration: underline;\"><strong>Conclusiones<\/strong><\/span><\/p><p><br \/>Mi experiencia en OpenExpo Europe 2024 ha sido profundamente enriquecedora. Las demostraciones de tecnolog\u00eda y las discusiones sobre la \u00e9tica de la IA me han proporcionado nuevas perspectivas que sin duda compartir\u00e9 con mis estudiantes del Departamento de Inform\u00e1tica.<\/p><p>Honestamente creo que los entornos educativos debemos introducir la IA en todos los aspectos posibles. El mercado laboral seleccionar\u00e1 a aquellos que la dominen. El futuro de la IA es brillante y lleno de posibilidades, pero tambi\u00e9n requiere una reflexi\u00f3n cuidadosa sobre los impactos a largo plazo. A medida que continuamos desarrollando estas tecnolog\u00edas, debemos asegurarnos de que su evoluci\u00f3n sea guiada por principios \u00e9ticos s\u00f3lidos para garantizar un beneficio equitativo para toda la humanidad.<br \/>Por si lo estabas pensando: efectivamente, no he escrito todo el art\u00edculo yo mismo. De las 562 palabras del mismo, m\u00edas son 386. El resto ha sido generado con la ayuda de una IA. Espero que te haya gustado el resultado.<\/p>\t\t\t\t\t\t\t\t<\/div>\n\t\t\t\t<\/div>\n\t\t\t\t\t<\/div>\n\t\t\t\t<\/div>\n\t\t\t\t<\/div>\n\t\t","protected":false},"excerpt":{"rendered":"<p>Por Marcos Gonz\u00e1lez, Departamento de Inform\u00e1tica El pasado 13 de junio, tuve la oportunidad de asistir a la 11\u00aa edici\u00f3n de OpenExpoEurope en Madrid, un evento de referencia en Europa&hellip;&nbsp;<a href=\"https:\/\/webalumnos.iestetuan.es\/?p=927\" class=\"\" rel=\"bookmark\">Leer m\u00e1s &raquo;<span class=\"screen-reader-text\">El Futuro de la IA Generativa: Una Mirada desde OpenExpo Europe 2024<\/span><\/a><\/p>\n","protected":false},"author":1,"featured_media":937,"comment_status":"closed","ping_status":"open","sticky":false,"template":"","format":"standard","meta":{"neve_meta_sidebar":"","neve_meta_container":"","neve_meta_enable_content_width":"","neve_meta_content_width":0,"neve_meta_title_alignment":"","neve_meta_author_avatar":"","neve_post_elements_order":"","neve_meta_disable_header":"","neve_meta_disable_footer":"","neve_meta_disable_title":"","footnotes":""},"categories":[15,5,1],"tags":[],"_links":{"self":[{"href":"https:\/\/webalumnos.iestetuan.es\/index.php?rest_route=\/wp\/v2\/posts\/927"}],"collection":[{"href":"https:\/\/webalumnos.iestetuan.es\/index.php?rest_route=\/wp\/v2\/posts"}],"about":[{"href":"https:\/\/webalumnos.iestetuan.es\/index.php?rest_route=\/wp\/v2\/types\/post"}],"author":[{"embeddable":true,"href":"https:\/\/webalumnos.iestetuan.es\/index.php?rest_route=\/wp\/v2\/users\/1"}],"replies":[{"embeddable":true,"href":"https:\/\/webalumnos.iestetuan.es\/index.php?rest_route=%2Fwp%2Fv2%2Fcomments&post=927"}],"version-history":[{"count":10,"href":"https:\/\/webalumnos.iestetuan.es\/index.php?rest_route=\/wp\/v2\/posts\/927\/revisions"}],"predecessor-version":[{"id":940,"href":"https:\/\/webalumnos.iestetuan.es\/index.php?rest_route=\/wp\/v2\/posts\/927\/revisions\/940"}],"wp:featuredmedia":[{"embeddable":true,"href":"https:\/\/webalumnos.iestetuan.es\/index.php?rest_route=\/wp\/v2\/media\/937"}],"wp:attachment":[{"href":"https:\/\/webalumnos.iestetuan.es\/index.php?rest_route=%2Fwp%2Fv2%2Fmedia&parent=927"}],"wp:term":[{"taxonomy":"category","embeddable":true,"href":"https:\/\/webalumnos.iestetuan.es\/index.php?rest_route=%2Fwp%2Fv2%2Fcategories&post=927"},{"taxonomy":"post_tag","embeddable":true,"href":"https:\/\/webalumnos.iestetuan.es\/index.php?rest_route=%2Fwp%2Fv2%2Ftags&post=927"}],"curies":[{"name":"wp","href":"https:\/\/api.w.org\/{rel}","templated":true}]}}